{"id":7862,"date":"2026-08-15T16:03:52","date_gmt":"2026-08-15T14:03:52","guid":{"rendered":"https:\/\/www.lafotonotizia.it\/?p=7862"},"modified":"2026-08-15T16:04:19","modified_gmt":"2026-08-15T14:04:19","slug":"cilento-am","status":"publish","type":"post","link":"https:\/\/www.lafotonotizia.it\/?p=7862","title":{"rendered":"Cilento, am"},"content":{"rendered":"\n<p>Di fronte al mare, in una delle poche strisce di costa dove ci si pu\u00f2 ancora stendere sulla sabbia senza invadere la tacita ma sancita propriet\u00e0 privata di un altro, quella segnata dal perimetro d&#8217;ombra di un ombrellone, c&#8217;\u00e8 una tabaccheria che vende anche gonfiabili, secchielli, asciugamani. Si chiama <em>Di tutto un po&#8217;<\/em>.<\/p>\n\n\n\n<p>Da questo gioco di parole, probabilmente senza che vi fosse intenzione alcuna in chi il nome del negozietto stagionale l&#8217;ha scelto, trapela un pezzo di verit\u00e0 che riguarda ogni meridionale, che di tutto, ne ha sempre e solo un po&#8217;.<\/p>\n\n\n\n<p>Attenzione a non intendere che abbia un po&#8217; di tutto. Questa caratteristica geograficamente non gli appartiene, e neanche a livello linguistico suona bene, quasi innaturale, come un vestito comprato in un&#8217;altra taglia. Un po&#8217; di tutto \u00e8 l&#8217;abbondanza distratta di chi sceglie fra le cose. Di tutto un po&#8217; \u00e8 il mestiere di chi le cose le conta, e con quel poco qualcosa costruisce.<\/p>\n\n\n\n<p>A Marina di Pisciotta il lungomare \u00e8 quello e basta, senza bisogno di un nome da cartolina. Si alternano ristorantini con le reti stese ad asciugare sulle sedie di plastica, panchine dove il legno ha preso il colore del sale, baretti che non sono ancora entrati nei rotocalchi e forse non ci entreranno mai, e va bene cos\u00ec. Il paese \u00e8 un paese di pescatori che vende pesce a chi il pesce lo pesca ancora, ed \u00e8 un controsenso che qui non stupisce nessuno: si vende quello che si ha, non quello che manca. <\/p>\n\n\n\n<p>C&#8217;\u00e8 un locale che si chiama tipicoteca, e ha il pregio di non mentire sul proprio nome. Dentro, i soliti signori di mezz&#8217;et\u00e0, la faccia gi\u00e0 cotta dal sole di pi\u00f9 stagioni, occupano gli stessi tavoli di sempre, alla stessa ora. La tavola calda costa poco, quasi interamente a base di alici. Al bar di fianco, tre caff\u00e8 costano ancora tre euro. Miracolo economico, si direbbe, o forse solo un ritardo della stagione rispetto al resto del mondo. Le tazze sono di ceramica sbeccata, ognuna con la sua crepa. Il rumore del cucchiaino che gira lo zucchero si sente pi\u00f9 chiaro del mare, certe mattine.<\/p>\n\n\n\n<p>\u00c8 qui che si capisce la faccenda del di tutto un po&#8217;. Non \u00e8 miseria travestita da filosofia. \u00c8 la misura di chi non pu\u00f2 aspettare il pieno per dirsi soddisfatto. Un pezzo di terra, un pezzo di mare, un pezzo di frase in dialetto e uno in italiano, un pezzo di santo e un pezzo di scaramanzia appesi allo stesso chiodo. Mai la fetta intera. Sempre, per\u00f2, un intero ricomposto a mano, come una coperta fatta di ritagli diversi.<\/p>\n\n\n\n<p>\u00c8 una prerogativa di un luogo che non possiede, ma dispone. E proprio in questo disporre, mai accumulare, sempre distribuire, sta la sua ostinazione a esistere. Chi ha tutto, un giorno pu\u00f2 perdere tutto. Chi ha di tutto un po&#8217;, usa un&#8217;altra unit\u00e0 di misura.<\/p>\n\n\n\n<p>La tabaccheria chiuder\u00e0 a settembre, come ogni anno. I gonfiabili sgonfi torneranno negli scatoloni, i secchielli si impileranno uno dentro l&#8217;altro. Tuttavia, il nome rester\u00e0 appeso l\u00ec, sopra la saracinesca abbassata, a dire ai passanti d&#8217;inverno, ai pochi che restano, ai pescatori, ai vecchietti sui balconi, quello che il paese intero, senza saperlo dire con altre parole, ha sempre saputo di s\u00e9.<\/p>\n","protected":false},"excerpt":{"rendered":"<p>Di fronte al mare, in una delle poche strisce di costa dove ci si pu\u00f2&#8230;<\/p>\n","protected":false},"author":14,"featured_media":7863,"comment_status":"closed","ping_status":"closed","sticky":false,"template":"","format":"standard","meta":{"footnotes":""},"categories":[571],"tags":[],"class_list":["post-7862","post","type-post","status-publish","format-standard","has-post-thumbnail","hentry","category-quaderno"],"yoast_head":"<!-- This site is optimized with the Yoast SEO plugin v25.5 - https:\/\/yoast.com\/wordpress\/plugins\/seo\/ -->\n<title>Cilento, am - La Fotonotizia<\/title>\n<meta name=\"description\" content=\"Di fronte al mare, in una delle poche strisce di costa dove ci si pu\u00f2 ancora stendere sulla sabbia senza invadere la tacita ma sancita propriet\u00e0 privata di un altro, quella segnata dal perimetro d&#039;ombra di un ombrellone, c&#039;\u00e8 una tabaccheria che vende anche gonfiabili, secchielli, asciugamani. Si chiama Di tutto un po&#039;.\" \/>\n<meta name=\"robots\" content=\"index, follow, max-snippet:-1, max-image-preview:large, max-video-preview:-1\" \/>\n<link rel=\"canonical\" href=\"https:\/\/www.lafotonotizia.it\/?p=7862\" \/>\n<meta property=\"og:locale\" content=\"it_IT\" \/>\n<meta property=\"og:type\" content=\"article\" \/>\n<meta property=\"og:title\" content=\"Cilento, am - La Fotonotizia\" \/>\n<meta property=\"og:description\" content=\"Di fronte al mare, in una delle poche strisce di costa dove ci si pu\u00f2 ancora stendere sulla sabbia senza invadere la tacita ma sancita propriet\u00e0 privata di un altro, quella segnata dal perimetro d&#039;ombra di un ombrellone, c&#039;\u00e8 una tabaccheria che vende anche gonfiabili, secchielli, asciugamani. Si chiama Di tutto un po&#039;.\" \/>\n<meta property=\"og:url\" content=\"https:\/\/www.lafotonotizia.it\/?p=7862\" \/>\n<meta property=\"og:site_name\" content=\"La Fotonotizia\" \/>\n<meta property=\"article:publisher\" content=\"https:\/\/www.facebook.com\/lafotonotizia\" \/>\n<meta property=\"article:published_time\" content=\"2026-08-15T14:03:52+00:00\" \/>\n<meta property=\"article:modified_time\" content=\"2026-08-15T14:04:19+00:00\" \/>\n<meta property=\"og:image\" content=\"http:\/\/www.lafotonotizia.it\/wp-content\/uploads\/2026\/08\/Unknown-1.jpeg\" \/>\n\t<meta property=\"og:image:width\" content=\"1600\" \/>\n\t<meta property=\"og:image:height\" content=\"939\" \/>\n\t<meta property=\"og:image:type\" content=\"image\/jpeg\" \/>\n<meta name=\"author\" content=\"Paola Di Stefano\" \/>\n<meta name=\"twitter:card\" content=\"summary_large_image\" \/>\n<meta name=\"twitter:label1\" content=\"Scritto da\" \/>\n\t<meta name=\"twitter:data1\" content=\"Paola Di Stefano\" \/>\n\t<meta name=\"twitter:label2\" content=\"Tempo di lettura stimato\" \/>\n\t<meta name=\"twitter:data2\" content=\"4 minuti\" \/>\n<script type=\"application\/ld+json\" class=\"yoast-schema-graph\">{\"@context\":\"https:\/\/schema.org\",\"@graph\":[{\"@type\":\"Article\",\"@id\":\"https:\/\/www.lafotonotizia.it\/?p=7862#article\",\"isPartOf\":{\"@id\":\"https:\/\/www.lafotonotizia.it\/?p=7862\"},\"author\":{\"name\":\"Paola Di Stefano\",\"@id\":\"https:\/\/www.lafotonotizia.it\/#\/schema\/person\/4e3b8cd68c52e6588b21c8963739a245\"},\"headline\":\"Cilento, am\",\"datePublished\":\"2026-08-15T14:03:52+00:00\",\"dateModified\":\"2026-08-15T14:04:19+00:00\",\"mainEntityOfPage\":{\"@id\":\"https:\/\/www.lafotonotizia.it\/?p=7862\"},\"wordCount\":544,\"publisher\":{\"@id\":\"https:\/\/www.lafotonotizia.it\/#organization\"},\"image\":{\"@id\":\"https:\/\/www.lafotonotizia.it\/?p=7862#primaryimage\"},\"thumbnailUrl\":\"https:\/\/www.lafotonotizia.it\/wp-content\/uploads\/2026\/08\/Unknown-1.jpeg\",\"articleSection\":[\"Quaderno\"],\"inLanguage\":\"it-IT\"},{\"@type\":\"WebPage\",\"@id\":\"https:\/\/www.lafotonotizia.it\/?p=7862\",\"url\":\"https:\/\/www.lafotonotizia.it\/?p=7862\",\"name\":\"Cilento, am - La Fotonotizia\",\"isPartOf\":{\"@id\":\"https:\/\/www.lafotonotizia.it\/#website\"},\"primaryImageOfPage\":{\"@id\":\"https:\/\/www.lafotonotizia.it\/?p=7862#primaryimage\"},\"image\":{\"@id\":\"https:\/\/www.lafotonotizia.it\/?p=7862#primaryimage\"},\"thumbnailUrl\":\"https:\/\/www.lafotonotizia.it\/wp-content\/uploads\/2026\/08\/Unknown-1.jpeg\",\"datePublished\":\"2026-08-15T14:03:52+00:00\",\"dateModified\":\"2026-08-15T14:04:19+00:00\",\"description\":\"Di fronte al mare, in una delle poche strisce di costa dove ci si pu\u00f2 ancora stendere sulla sabbia senza invadere la tacita ma sancita propriet\u00e0 privata di un altro, quella segnata dal perimetro d'ombra di un ombrellone, c'\u00e8 una tabaccheria che vende anche gonfiabili, secchielli, asciugamani. Si chiama Di tutto un po'.\",\"breadcrumb\":{\"@id\":\"https:\/\/www.lafotonotizia.it\/?p=7862#breadcrumb\"},\"inLanguage\":\"it-IT\",\"potentialAction\":[{\"@type\":\"ReadAction\",\"target\":[\"https:\/\/www.lafotonotizia.it\/?p=7862\"]}]},{\"@type\":\"ImageObject\",\"inLanguage\":\"it-IT\",\"@id\":\"https:\/\/www.lafotonotizia.it\/?p=7862#primaryimage\",\"url\":\"https:\/\/www.lafotonotizia.it\/wp-content\/uploads\/2026\/08\/Unknown-1.jpeg\",\"contentUrl\":\"https:\/\/www.lafotonotizia.it\/wp-content\/uploads\/2026\/08\/Unknown-1.jpeg\",\"width\":1600,\"height\":939},{\"@type\":\"BreadcrumbList\",\"@id\":\"https:\/\/www.lafotonotizia.it\/?p=7862#breadcrumb\",\"itemListElement\":[{\"@type\":\"ListItem\",\"position\":1,\"name\":\"Home\",\"item\":\"https:\/\/www.lafotonotizia.it\/\"},{\"@type\":\"ListItem\",\"position\":2,\"name\":\"Cilento, am\"}]},{\"@type\":\"WebSite\",\"@id\":\"https:\/\/www.lafotonotizia.it\/#website\",\"url\":\"https:\/\/www.lafotonotizia.it\/\",\"name\":\"laFotonotizia\",\"description\":\"\u201cLa fotografia \u00e8 una piccola voce ma a volte pu\u00f2 risvegliare la nostra coscienza\u201d. Eugene Smith\",\"publisher\":{\"@id\":\"https:\/\/www.lafotonotizia.it\/#organization\"},\"potentialAction\":[{\"@type\":\"SearchAction\",\"target\":{\"@type\":\"EntryPoint\",\"urlTemplate\":\"https:\/\/www.lafotonotizia.it\/?s={search_term_string}\"},\"query-input\":{\"@type\":\"PropertyValueSpecification\",\"valueRequired\":true,\"valueName\":\"search_term_string\"}}],\"inLanguage\":\"it-IT\"},{\"@type\":\"Organization\",\"@id\":\"https:\/\/www.lafotonotizia.it\/#organization\",\"name\":\"la Fotonotizia\",\"url\":\"https:\/\/www.lafotonotizia.it\/\",\"logo\":{\"@type\":\"ImageObject\",\"inLanguage\":\"it-IT\",\"@id\":\"https:\/\/www.lafotonotizia.it\/#\/schema\/logo\/image\/\",\"url\":\"http:\/\/www.lafotonotizia.it\/wp-content\/uploads\/2020\/06\/logom.jpg\",\"contentUrl\":\"http:\/\/www.lafotonotizia.it\/wp-content\/uploads\/2020\/06\/logom.jpg\",\"width\":685,\"height\":685,\"caption\":\"la Fotonotizia\"},\"image\":{\"@id\":\"https:\/\/www.lafotonotizia.it\/#\/schema\/logo\/image\/\"},\"sameAs\":[\"https:\/\/www.facebook.com\/lafotonotizia\"]},{\"@type\":\"Person\",\"@id\":\"https:\/\/www.lafotonotizia.it\/#\/schema\/person\/4e3b8cd68c52e6588b21c8963739a245\",\"name\":\"Paola Di Stefano\",\"image\":{\"@type\":\"ImageObject\",\"inLanguage\":\"it-IT\",\"@id\":\"https:\/\/www.lafotonotizia.it\/#\/schema\/person\/image\/\",\"url\":\"https:\/\/secure.gravatar.com\/avatar\/933b37867487ed185f3f839dd7959aab4f5b70ccbbb53c7dfb1a5607ff946b11?s=96&d=mm&r=g\",\"contentUrl\":\"https:\/\/secure.gravatar.com\/avatar\/933b37867487ed185f3f839dd7959aab4f5b70ccbbb53c7dfb1a5607ff946b11?s=96&d=mm&r=g\",\"caption\":\"Paola Di Stefano\"},\"url\":\"https:\/\/www.lafotonotizia.it\/?author=14\"}]}<\/script>\n<!-- \/ Yoast SEO plugin. -->","yoast_head_json":{"title":"Cilento, am - La Fotonotizia","description":"Di fronte al mare, in una delle poche strisce di costa dove ci si pu\u00f2 ancora stendere sulla sabbia senza invadere la tacita ma sancita propriet\u00e0 privata di un altro, quella segnata dal perimetro d'ombra di un ombrellone, c'\u00e8 una tabaccheria che vende anche gonfiabili, secchielli, asciugamani. Si chiama Di tutto un po'.","robots":{"index":"index","follow":"follow","max-snippet":"max-snippet:-1","max-image-preview":"max-image-preview:large","max-video-preview":"max-video-preview:-1"},"canonical":"https:\/\/www.lafotonotizia.it\/?p=7862","og_locale":"it_IT","og_type":"article","og_title":"Cilento, am - La Fotonotizia","og_description":"Di fronte al mare, in una delle poche strisce di costa dove ci si pu\u00f2 ancora stendere sulla sabbia senza invadere la tacita ma sancita propriet\u00e0 privata di un altro, quella segnata dal perimetro d'ombra di un ombrellone, c'\u00e8 una tabaccheria che vende anche gonfiabili, secchielli, asciugamani. Si chiama Di tutto un po'.","og_url":"https:\/\/www.lafotonotizia.it\/?p=7862","og_site_name":"La Fotonotizia","article_publisher":"https:\/\/www.facebook.com\/lafotonotizia","article_published_time":"2026-08-15T14:03:52+00:00","article_modified_time":"2026-08-15T14:04:19+00:00","og_image":[{"width":1600,"height":939,"url":"http:\/\/www.lafotonotizia.it\/wp-content\/uploads\/2026\/08\/Unknown-1.jpeg","type":"image\/jpeg"}],"author":"Paola Di Stefano","twitter_card":"summary_large_image","twitter_misc":{"Scritto da":"Paola Di Stefano","Tempo di lettura stimato":"4 minuti"},"schema":{"@context":"https:\/\/schema.org","@graph":[{"@type":"Article","@id":"https:\/\/www.lafotonotizia.it\/?p=7862#article","isPartOf":{"@id":"https:\/\/www.lafotonotizia.it\/?p=7862"},"author":{"name":"Paola Di Stefano","@id":"https:\/\/www.lafotonotizia.it\/#\/schema\/person\/4e3b8cd68c52e6588b21c8963739a245"},"headline":"Cilento, am","datePublished":"2026-08-15T14:03:52+00:00","dateModified":"2026-08-15T14:04:19+00:00","mainEntityOfPage":{"@id":"https:\/\/www.lafotonotizia.it\/?p=7862"},"wordCount":544,"publisher":{"@id":"https:\/\/www.lafotonotizia.it\/#organization"},"image":{"@id":"https:\/\/www.lafotonotizia.it\/?p=7862#primaryimage"},"thumbnailUrl":"https:\/\/www.lafotonotizia.it\/wp-content\/uploads\/2026\/08\/Unknown-1.jpeg","articleSection":["Quaderno"],"inLanguage":"it-IT"},{"@type":"WebPage","@id":"https:\/\/www.lafotonotizia.it\/?p=7862","url":"https:\/\/www.lafotonotizia.it\/?p=7862","name":"Cilento, am - La Fotonotizia","isPartOf":{"@id":"https:\/\/www.lafotonotizia.it\/#website"},"primaryImageOfPage":{"@id":"https:\/\/www.lafotonotizia.it\/?p=7862#primaryimage"},"image":{"@id":"https:\/\/www.lafotonotizia.it\/?p=7862#primaryimage"},"thumbnailUrl":"https:\/\/www.lafotonotizia.it\/wp-content\/uploads\/2026\/08\/Unknown-1.jpeg","datePublished":"2026-08-15T14:03:52+00:00","dateModified":"2026-08-15T14:04:19+00:00","description":"Di fronte al mare, in una delle poche strisce di costa dove ci si pu\u00f2 ancora stendere sulla sabbia senza invadere la tacita ma sancita propriet\u00e0 privata di un altro, quella segnata dal perimetro d'ombra di un ombrellone, c'\u00e8 una tabaccheria che vende anche gonfiabili, secchielli, asciugamani. Si chiama Di tutto un po'.","breadcrumb":{"@id":"https:\/\/www.lafotonotizia.it\/?p=7862#breadcrumb"},"inLanguage":"it-IT","potentialAction":[{"@type":"ReadAction","target":["https:\/\/www.lafotonotizia.it\/?p=7862"]}]},{"@type":"ImageObject","inLanguage":"it-IT","@id":"https:\/\/www.lafotonotizia.it\/?p=7862#primaryimage","url":"https:\/\/www.lafotonotizia.it\/wp-content\/uploads\/2026\/08\/Unknown-1.jpeg","contentUrl":"https:\/\/www.lafotonotizia.it\/wp-content\/uploads\/2026\/08\/Unknown-1.jpeg","width":1600,"height":939},{"@type":"BreadcrumbList","@id":"https:\/\/www.lafotonotizia.it\/?p=7862#breadcrumb","itemListElement":[{"@type":"ListItem","position":1,"name":"Home","item":"https:\/\/www.lafotonotizia.it\/"},{"@type":"ListItem","position":2,"name":"Cilento, am"}]},{"@type":"WebSite","@id":"https:\/\/www.lafotonotizia.it\/#website","url":"https:\/\/www.lafotonotizia.it\/","name":"laFotonotizia","description":"\u201cLa fotografia \u00e8 una piccola voce ma a volte pu\u00f2 risvegliare la nostra coscienza\u201d. Eugene Smith","publisher":{"@id":"https:\/\/www.lafotonotizia.it\/#organization"},"potentialAction":[{"@type":"SearchAction","target":{"@type":"EntryPoint","urlTemplate":"https:\/\/www.lafotonotizia.it\/?s={search_term_string}"},"query-input":{"@type":"PropertyValueSpecification","valueRequired":true,"valueName":"search_term_string"}}],"inLanguage":"it-IT"},{"@type":"Organization","@id":"https:\/\/www.lafotonotizia.it\/#organization","name":"la Fotonotizia","url":"https:\/\/www.lafotonotizia.it\/","logo":{"@type":"ImageObject","inLanguage":"it-IT","@id":"https:\/\/www.lafotonotizia.it\/#\/schema\/logo\/image\/","url":"http:\/\/www.lafotonotizia.it\/wp-content\/uploads\/2020\/06\/logom.jpg","contentUrl":"http:\/\/www.lafotonotizia.it\/wp-content\/uploads\/2020\/06\/logom.jpg","width":685,"height":685,"caption":"la Fotonotizia"},"image":{"@id":"https:\/\/www.lafotonotizia.it\/#\/schema\/logo\/image\/"},"sameAs":["https:\/\/www.facebook.com\/lafotonotizia"]},{"@type":"Person","@id":"https:\/\/www.lafotonotizia.it\/#\/schema\/person\/4e3b8cd68c52e6588b21c8963739a245","name":"Paola Di Stefano","image":{"@type":"ImageObject","inLanguage":"it-IT","@id":"https:\/\/www.lafotonotizia.it\/#\/schema\/person\/image\/","url":"https:\/\/secure.gravatar.com\/avatar\/933b37867487ed185f3f839dd7959aab4f5b70ccbbb53c7dfb1a5607ff946b11?s=96&d=mm&r=g","contentUrl":"https:\/\/secure.gravatar.com\/avatar\/933b37867487ed185f3f839dd7959aab4f5b70ccbbb53c7dfb1a5607ff946b11?s=96&d=mm&r=g","caption":"Paola Di Stefano"},"url":"https:\/\/www.lafotonotizia.it\/?author=14"}]}},"featured_image_urls":{"full":["https:\/\/www.lafotonotizia.it\/wp-content\/uploads\/2026\/08\/Unknown-1.jpeg",1600,939,false],"thumbnail":["https:\/\/www.lafotonotizia.it\/wp-content\/uploads\/2026\/08\/Unknown-1-150x150.jpeg",150,150,true],"medium":["https:\/\/www.lafotonotizia.it\/wp-content\/uploads\/2026\/08\/Unknown-1-300x176.jpeg",300,176,true],"medium_large":["https:\/\/www.lafotonotizia.it\/wp-content\/uploads\/2026\/08\/Unknown-1-768x451.jpeg",640,376,true],"large":["https:\/\/www.lafotonotizia.it\/wp-content\/uploads\/2026\/08\/Unknown-1-1024x601.jpeg",640,376,true],"1536x1536":["https:\/\/www.lafotonotizia.it\/wp-content\/uploads\/2026\/08\/Unknown-1-1536x901.jpeg",1536,901,true],"2048x2048":["https:\/\/www.lafotonotizia.it\/wp-content\/uploads\/2026\/08\/Unknown-1.jpeg",1600,939,false],"covernews-slider-full":["https:\/\/www.lafotonotizia.it\/wp-content\/uploads\/2026\/08\/Unknown-1-1115x715.jpeg",1115,715,true],"covernews-slider-center":["https:\/\/www.lafotonotizia.it\/wp-content\/uploads\/2026\/08\/Unknown-1-800x500.jpeg",800,500,true],"covernews-featured":["https:\/\/www.lafotonotizia.it\/wp-content\/uploads\/2026\/08\/Unknown-1-1024x601.jpeg",1024,601,true],"covernews-medium":["https:\/\/www.lafotonotizia.it\/wp-content\/uploads\/2026\/08\/Unknown-1-540x340.jpeg",540,340,true],"covernews-medium-square":["https:\/\/www.lafotonotizia.it\/wp-content\/uploads\/2026\/08\/Unknown-1-400x250.jpeg",400,250,true]},"author_info":{"display_name":"Paola Di Stefano","author_link":"https:\/\/www.lafotonotizia.it\/?author=14"},"category_info":"<a href=\"https:\/\/www.lafotonotizia.it\/?cat=571\" rel=\"category\">Quaderno<\/a>","tag_info":"Quaderno","comment_count":"0","_links":{"self":[{"href":"https:\/\/www.lafotonotizia.it\/index.php?rest_route=\/wp\/v2\/posts\/7862","targetHints":{"allow":["GET"]}}],"collection":[{"href":"https:\/\/www.lafotonotizia.it\/index.php?rest_route=\/wp\/v2\/posts"}],"about":[{"href":"https:\/\/www.lafotonotizia.it\/index.php?rest_route=\/wp\/v2\/types\/post"}],"author":[{"embeddable":true,"href":"https:\/\/www.lafotonotizia.it\/index.php?rest_route=\/wp\/v2\/users\/14"}],"replies":[{"embeddable":true,"href":"https:\/\/www.lafotonotizia.it\/index.php?rest_route=%2Fwp%2Fv2%2Fcomments&post=7862"}],"version-history":[{"count":1,"href":"https:\/\/www.lafotonotizia.it\/index.php?rest_route=\/wp\/v2\/posts\/7862\/revisions"}],"predecessor-version":[{"id":7864,"href":"https:\/\/www.lafotonotizia.it\/index.php?rest_route=\/wp\/v2\/posts\/7862\/revisions\/7864"}],"wp:featuredmedia":[{"embeddable":true,"href":"https:\/\/www.lafotonotizia.it\/index.php?rest_route=\/wp\/v2\/media\/7863"}],"wp:attachment":[{"href":"https:\/\/www.lafotonotizia.it\/index.php?rest_route=%2Fwp%2Fv2%2Fmedia&parent=7862"}],"wp:term":[{"taxonomy":"category","embeddable":true,"href":"https:\/\/www.lafotonotizia.it\/index.php?rest_route=%2Fwp%2Fv2%2Fcategories&post=7862"},{"taxonomy":"post_tag","embeddable":true,"href":"https:\/\/www.lafotonotizia.it\/index.php?rest_route=%2Fwp%2Fv2%2Ftags&post=7862"}],"curies":[{"name":"wp","href":"https:\/\/api.w.org\/{rel}","templated":true}]}}